{"id":389,"date":"2022-03-18T19:58:45","date_gmt":"2022-03-18T18:58:45","guid":{"rendered":"http:\/\/schweitzer.wiesan.de\/wordpress\/?p=389"},"modified":"2022-03-18T19:58:45","modified_gmt":"2022-03-18T18:58:45","slug":"fruehstueckstafel","status":"publish","type":"post","link":"https:\/\/www.albert-schweitzer-schule-wiesbaden.de\/index.php\/2022\/03\/18\/fruehstueckstafel\/","title":{"rendered":"Fr\u00fchst\u00fcckstafel"},"content":{"rendered":"\n<p class=\"has-large-font-size\"><strong>Fr\u00fchst\u00fcckstafel der Albert-Schweitzer-Schule 2017<\/strong><\/p>\n\n\n\n<figure class=\"wp-block-image size-full is-resized is-style-default\"><img loading=\"lazy\" decoding=\"async\" src=\"http:\/\/schweitzer.wiesan.de\/wordpress\/wp-content\/uploads\/2022\/03\/Fruehstueckstafel1_Web_gross.jpg\" alt=\"\" class=\"wp-image-391\" width=\"835\" height=\"627\" srcset=\"https:\/\/www.albert-schweitzer-schule-wiesbaden.de\/wp-content\/uploads\/2022\/03\/Fruehstueckstafel1_Web_gross.jpg 640w, https:\/\/www.albert-schweitzer-schule-wiesbaden.de\/wp-content\/uploads\/2022\/03\/Fruehstueckstafel1_Web_gross-300x225.jpg 300w\" sizes=\"auto, (max-width: 835px) 100vw, 835px\" \/><\/figure>\n\n\n\n<p class=\"has-drop-cap has-medium-font-size\">Jedes Jahr veranstalten alle Klassen der Albert-Schweitzer-Schule ein gemeinsames Fr\u00fchst\u00fcck mit der gesamten Schulgemeinde. Dazu wird auf dem Schulhof eine gro\u00dfe Fr\u00fchst\u00fcckstafel aufgebaut und in gem\u00fctlicher Atmosph\u00e4re zusammen gegessen und getrunken.<\/p>\n\n\n\n<figure class=\"wp-block-image size-full is-resized is-style-default\"><img loading=\"lazy\" decoding=\"async\" src=\"http:\/\/schweitzer.wiesan.de\/wordpress\/wp-content\/uploads\/2022\/03\/Fruehstueckstafel2_Web_gross.jpg\" alt=\"\" class=\"wp-image-390\" width=\"831\" height=\"623\" srcset=\"https:\/\/www.albert-schweitzer-schule-wiesbaden.de\/wp-content\/uploads\/2022\/03\/Fruehstueckstafel2_Web_gross.jpg 640w, https:\/\/www.albert-schweitzer-schule-wiesbaden.de\/wp-content\/uploads\/2022\/03\/Fruehstueckstafel2_Web_gross-300x225.jpg 300w\" sizes=\"auto, (max-width: 831px) 100vw, 831px\" \/><\/figure>\n","protected":false},"excerpt":{"rendered":"<p>Fr\u00fchst\u00fcckstafel der Albert-Schweitzer-Schule 2017 Jedes Jahr veranstalten alle Klassen der Albert-Schweitzer-Schule ein gemeinsames Fr\u00fchst\u00fcck mit der gesamten Schulgemeinde. Dazu wird &hellip; <\/p>\n","protected":false},"author":3,"featured_media":0,"comment_status":"open","ping_status":"open","sticky":false,"template":"","format":"standard","meta":{"footnotes":""},"categories":[4],"tags":[],"class_list":["post-389","post","type-post","status-publish","format-standard","hentry","category-aktuelles","latest_post"],"_links":{"self":[{"href":"https:\/\/www.albert-schweitzer-schule-wiesbaden.de\/index.php\/wp-json\/wp\/v2\/posts\/389","targetHints":{"allow":["GET"]}}],"collection":[{"href":"https:\/\/www.albert-schweitzer-schule-wiesbaden.de\/index.php\/wp-json\/wp\/v2\/posts"}],"about":[{"href":"https:\/\/www.albert-schweitzer-schule-wiesbaden.de\/index.php\/wp-json\/wp\/v2\/types\/post"}],"author":[{"embeddable":true,"href":"https:\/\/www.albert-schweitzer-schule-wiesbaden.de\/index.php\/wp-json\/wp\/v2\/users\/3"}],"replies":[{"embeddable":true,"href":"https:\/\/www.albert-schweitzer-schule-wiesbaden.de\/index.php\/wp-json\/wp\/v2\/comments?post=389"}],"version-history":[{"count":1,"href":"https:\/\/www.albert-schweitzer-schule-wiesbaden.de\/index.php\/wp-json\/wp\/v2\/posts\/389\/revisions"}],"predecessor-version":[{"id":392,"href":"https:\/\/www.albert-schweitzer-schule-wiesbaden.de\/index.php\/wp-json\/wp\/v2\/posts\/389\/revisions\/392"}],"wp:attachment":[{"href":"https:\/\/www.albert-schweitzer-schule-wiesbaden.de\/index.php\/wp-json\/wp\/v2\/media?parent=389"}],"wp:term":[{"taxonomy":"category","embeddable":true,"href":"https:\/\/www.albert-schweitzer-schule-wiesbaden.de\/index.php\/wp-json\/wp\/v2\/categories?post=389"},{"taxonomy":"post_tag","embeddable":true,"href":"https:\/\/www.albert-schweitzer-schule-wiesbaden.de\/index.php\/wp-json\/wp\/v2\/tags?post=389"}],"curies":[{"name":"wp","href":"https:\/\/api.w.org\/{rel}","templated":true}]}}