{"id":374,"date":"2022-03-18T19:36:10","date_gmt":"2022-03-18T18:36:10","guid":{"rendered":"http:\/\/schweitzer.wiesan.de\/wordpress\/?p=374"},"modified":"2022-03-18T19:36:10","modified_gmt":"2022-03-18T18:36:10","slug":"orientierungswoche-2017","status":"publish","type":"post","link":"https:\/\/www.albert-schweitzer-schule-wiesbaden.de\/index.php\/2022\/03\/18\/orientierungswoche-2017\/","title":{"rendered":"Orientierungswoche 2017"},"content":{"rendered":"\n<p class=\"has-drop-cap has-medium-font-size\"><strong>Orientierungswoche 2017<\/strong><\/p>\n\n\n\n<p class=\"has-medium-font-size\">Erstmals fand in diesem Schuljahr vom 21.08. \u2013 25.08.2017 eine gemeinsame Orientierungswoche in der Albert-Schweitzer-Schule statt.<\/p>\n\n\n\n<p class=\"has-medium-font-size\">Ziel der Orientierungswoche war die St\u00e4rkung der Schul- und Klassengemeinschaft und die Erweiterung der sozialen&nbsp; Kompetenzen.<\/p>\n\n\n\n<p class=\"has-medium-font-size\">An jedem Wochentag wurden Ausfl\u00fcge unternommen, mal im Klassenverband, mal als&nbsp; Schulgemeinschaft. Einige Klassen verbrachten einen Vormittag mit dem Drachenboot auf dem Rhein. Nach einem Sternenlauf&nbsp; trafen sich alle Klassen zu einem gemeinsamen Picknick im Mainzer Volkspark. Besondere Freude hatten gro\u00dfe und kleine Sch\u00fclerinnen und Sch\u00fcler im Kletterwald auf dem Wiesbadener Neroberg.<\/p>\n\n\n\n<p class=\"has-medium-font-size\">Das Ende der gelungenen Woche kr\u00f6nte ein gemeinsames\u00a0 Spiel-, Sport- und Grillfest auf dem Schulhof. Die Orientierungswoche fand bei Sch\u00fcler\/innen und Lehrkr\u00e4ften gro\u00dfen Anklang und ist auch zu Beginn des n\u00e4chsten Schuljahres wieder geplant.<\/p>\n\n\n\n<div class=\"wp-block-image is-style-default\"><figure class=\"aligncenter size-full is-resized\"><img loading=\"lazy\" decoding=\"async\" src=\"http:\/\/schweitzer.wiesan.de\/wordpress\/wp-content\/uploads\/2022\/03\/Orientieruzngswoche-Klettern.jpg\" alt=\"\" class=\"wp-image-375\" width=\"411\" height=\"731\" srcset=\"https:\/\/www.albert-schweitzer-schule-wiesbaden.de\/wp-content\/uploads\/2022\/03\/Orientieruzngswoche-Klettern.jpg 360w, https:\/\/www.albert-schweitzer-schule-wiesbaden.de\/wp-content\/uploads\/2022\/03\/Orientieruzngswoche-Klettern-169x300.jpg 169w\" sizes=\"auto, (max-width: 411px) 100vw, 411px\" \/><\/figure><\/div>\n","protected":false},"excerpt":{"rendered":"<p>Orientierungswoche 2017 Erstmals fand in diesem Schuljahr vom 21.08. \u2013 25.08.2017 eine gemeinsame Orientierungswoche in der Albert-Schweitzer-Schule statt. Ziel der &hellip; <\/p>\n","protected":false},"author":3,"featured_media":0,"comment_status":"open","ping_status":"open","sticky":false,"template":"","format":"standard","meta":{"footnotes":""},"categories":[4],"tags":[],"class_list":["post-374","post","type-post","status-publish","format-standard","hentry","category-aktuelles","latest_post"],"_links":{"self":[{"href":"https:\/\/www.albert-schweitzer-schule-wiesbaden.de\/index.php\/wp-json\/wp\/v2\/posts\/374","targetHints":{"allow":["GET"]}}],"collection":[{"href":"https:\/\/www.albert-schweitzer-schule-wiesbaden.de\/index.php\/wp-json\/wp\/v2\/posts"}],"about":[{"href":"https:\/\/www.albert-schweitzer-schule-wiesbaden.de\/index.php\/wp-json\/wp\/v2\/types\/post"}],"author":[{"embeddable":true,"href":"https:\/\/www.albert-schweitzer-schule-wiesbaden.de\/index.php\/wp-json\/wp\/v2\/users\/3"}],"replies":[{"embeddable":true,"href":"https:\/\/www.albert-schweitzer-schule-wiesbaden.de\/index.php\/wp-json\/wp\/v2\/comments?post=374"}],"version-history":[{"count":1,"href":"https:\/\/www.albert-schweitzer-schule-wiesbaden.de\/index.php\/wp-json\/wp\/v2\/posts\/374\/revisions"}],"predecessor-version":[{"id":376,"href":"https:\/\/www.albert-schweitzer-schule-wiesbaden.de\/index.php\/wp-json\/wp\/v2\/posts\/374\/revisions\/376"}],"wp:attachment":[{"href":"https:\/\/www.albert-schweitzer-schule-wiesbaden.de\/index.php\/wp-json\/wp\/v2\/media?parent=374"}],"wp:term":[{"taxonomy":"category","embeddable":true,"href":"https:\/\/www.albert-schweitzer-schule-wiesbaden.de\/index.php\/wp-json\/wp\/v2\/categories?post=374"},{"taxonomy":"post_tag","embeddable":true,"href":"https:\/\/www.albert-schweitzer-schule-wiesbaden.de\/index.php\/wp-json\/wp\/v2\/tags?post=374"}],"curies":[{"name":"wp","href":"https:\/\/api.w.org\/{rel}","templated":true}]}}